{"id":141,"date":"2009-11-07T11:45:21","date_gmt":"2009-11-07T10:45:21","guid":{"rendered":"http:\/\/www.sebastian-zenner.de\/?p=141"},"modified":"2014-09-10T18:09:05","modified_gmt":"2014-09-10T16:09:05","slug":"valentin-macht-die-wichtigen-tore","status":"publish","type":"post","link":"https:\/\/www.sebastian-zenner.de\/?p=141","title":{"rendered":"Valentin macht die wichtigen Tore"},"content":{"rendered":"<p><strong>Fu\u00dfball-Oberliga: Auersmacher St\u00fcrmer Solovej ist ein \u201eInstinktfu\u00dfballer\u201c &#8211; Der SV Auersmacher empf\u00e4ngt an diesem Samstag um 14.30 Uhr die Sportfreunde K\u00f6llerbach zum Saarderby in der Fu\u00dfball-Oberliga. Dann wird es auch auf SVA-St\u00fcrmer Valentin Solovej ankommen.<\/strong><\/p>\n<p>Auersmacher. Valle! Vallee! Valleeee! Mehr zentral!\u201c Als Zuschauer der Fu\u00dfballspiele des Oberligisten SV Auersmacher sind einem diese lauten Rufe von Trainer J\u00f6rn Birster nicht unbekannt. Gemeint ist Valentin \u201eValle\u201c Solovej. Dass der St\u00fcrmer in bestimmten Situationen dennoch ganz genau wei\u00df, wo er zu stehen hat, bewies er in der vergangenen Saison. Mit 21 Toren trug er da entscheidend zum Aufstieg seines Teams in die Oberliga bei.<\/p>\n<p>Ganz so leicht wie in der Verbandsliga fallen die Tore zwar nicht mehr, dennoch hat \u201eValle\u201c bisher vier Treffer und eine Vorlage auf dem Konto. In zw\u00f6lf von 15 Spielen war der 21-J\u00e4hrige 603 Minuten im Einsatz. Der Schnitt von 50 Minuten pro Spiel r\u00fchrt von f\u00fcnf Ein- und sechs Auswechslungen, meist zwischen der 60. und 70. Minute. \u201eValle hat zweifelsohne Nachholbedarf im taktischen Bereich. Auch l\u00e4uferisch k\u00f6nnte er zulegen. Er spielt noch sehr wechselhaft. Manchmal macht er haarstr\u00e4ubende Dinge, manchmal Genie-Streiche\u201c, sagt Birster \u00fcber Valentin, der seit 2006 f\u00fcr den SVA spielt. \u201eSeine St\u00e4rke ist das Unbek\u00fcmmerte, er ist ein Instinktfu\u00dfballer. Wenn er weiterkommen will, muss er sich noch mehr auf den Fu\u00dfball konzentrieren, darf sich nicht von anderen Dingen ablenken lassen. Ich mag ihn sehr, auch wenn ich ihn das selten merken lasse.\u201c<\/p>\n<p>Als \u201eU23\u201c-Spieler kann Solovej noch zwei Jahre lang problemlos f\u00fcr die zweite Mannschaft des SVA in der Bezirksliga Saarbr\u00fccken kicken, wo er mit zehn Treffern derzeit Siebter der Torj\u00e4gerliste ist. Im vergangenen Jahr kam es sogar zu der kuriosen Situation, dass der in Bischkek\/Kirgisistan geborene Deutsche sowohl in der Verbandsliga- wie auch der Bezirksliga-\u201eElf des Jahres\u201c des Saar.amateur zu finden war.<\/p>\n<p>Dass er mit neun Jahren nach Deutschland kam, verdankt er seiner Familie: \u201eMeine Eltern, mein Bruder und meine Schwester haben es nicht immer leicht mit mir, aber ich bin froh, dass ich durch sie hierher gekommen bin.\u201c Zur Zeit wohnt \u201eValle\u201c in P\u00fcttlingen, er macht eine Ausbildung zum Elektroniker f\u00fcr Automatisierungstechnik in Saarwellingen. Obwohl sein Trainer bei ihm die Gefahr des Abhebens sieht (\u201eLob macht ihn arrogant\u201c), formuliert der St\u00fcrmer bescheidene Ziele: \u201eIn dieser Saison will ich einen Stammplatz erobern und ihn auch behalten. Das wird schwer, denn die Konkurrenz im Sturm ist gro\u00df. Mit der Mannschaft will ich den Ligaverbleib, wonach es momentan ja aussieht.\u201c<\/p>\n<p>Einen weiteren Schritt hierzu kann der SVA an diesem Samstag machen. Um 14.30 Uhr kommen die Sportfreunde K\u00f6llerbach ins Saar-Blies-Stadion. Der Trainer wei\u00df: \u201eDas wird unser ,Kirwe&#8216;-Spiel, was zus\u00e4tzlich motiviert. Ich erwarte ein offenes Spiel, sehe die St\u00e4rken des Gegners in der Offensive. Es muss uns gelingen, Dominik Gro\u00df als Spielmacher auszuschalten. In der Abwehr sehe ich die K\u00f6llerbacher anf\u00e4llig.\u201c Dabei muss Birster neben den Langzeitverletzten Christian Hertel (Fu\u00dfbruch) und Lukas Becker (B\u00e4nderanriss im Fu\u00df) auch auf Frank Schweitzer (Syndesmosebandriss im Fu\u00df) und Thorsten Rau (Kapselriss im Knie) verzichten.<\/p>\n<p>Ver\u00f6ffentlicht am 7. November 2009 in der Saarbr\u00fccker Zeitung.<\/p>\n","protected":false},"excerpt":{"rendered":"<p>Fu\u00dfball-Oberliga: Auersmacher St\u00fcrmer Solovej ist ein \u201eInstinktfu\u00dfballer\u201c &#8211; Der SV Auersmacher empf\u00e4ngt an diesem Samstag um 14.30 Uhr die Sportfreunde K\u00f6llerbach zum Saarderby in der Fu\u00dfball-Oberliga. Dann wird es auch auf SVA-St\u00fcrmer Valentin Solovej ankommen. Auersmacher. Valle! Vallee! Valleeee! Mehr &hellip; <a href=\"https:\/\/www.sebastian-zenner.de\/?p=141\">Lesen fortsetzen <span class=\"meta-nav\">&rarr;<\/span><\/a><\/p>\n","protected":false},"author":1,"featured_media":0,"comment_status":"closed","ping_status":"closed","sticky":false,"template":"","format":"standard","meta":{"footnotes":""},"categories":[1,3],"tags":[52,53,13,50,51],"class_list":["post-141","post","type-post","status-publish","format-standard","hentry","category-alle","category-portraits","tag-solovej","tag-sturmer","tag-sv-auersmacher","tag-valentin-solovej","tag-valle"],"_links":{"self":[{"href":"https:\/\/www.sebastian-zenner.de\/index.php?rest_route=\/wp\/v2\/posts\/141","targetHints":{"allow":["GET"]}}],"collection":[{"href":"https:\/\/www.sebastian-zenner.de\/index.php?rest_route=\/wp\/v2\/posts"}],"about":[{"href":"https:\/\/www.sebastian-zenner.de\/index.php?rest_route=\/wp\/v2\/types\/post"}],"author":[{"embeddable":true,"href":"https:\/\/www.sebastian-zenner.de\/index.php?rest_route=\/wp\/v2\/users\/1"}],"replies":[{"embeddable":true,"href":"https:\/\/www.sebastian-zenner.de\/index.php?rest_route=%2Fwp%2Fv2%2Fcomments&post=141"}],"version-history":[{"count":3,"href":"https:\/\/www.sebastian-zenner.de\/index.php?rest_route=\/wp\/v2\/posts\/141\/revisions"}],"predecessor-version":[{"id":143,"href":"https:\/\/www.sebastian-zenner.de\/index.php?rest_route=\/wp\/v2\/posts\/141\/revisions\/143"}],"wp:attachment":[{"href":"https:\/\/www.sebastian-zenner.de\/index.php?rest_route=%2Fwp%2Fv2%2Fmedia&parent=141"}],"wp:term":[{"taxonomy":"category","embeddable":true,"href":"https:\/\/www.sebastian-zenner.de\/index.php?rest_route=%2Fwp%2Fv2%2Fcategories&post=141"},{"taxonomy":"post_tag","embeddable":true,"href":"https:\/\/www.sebastian-zenner.de\/index.php?rest_route=%2Fwp%2Fv2%2Ftags&post=141"}],"curies":[{"name":"wp","href":"https:\/\/api.w.org\/{rel}","templated":true}]}}